{"id":426,"date":"2017-04-02T18:10:14","date_gmt":"2017-04-02T16:10:14","guid":{"rendered":"https:\/\/www.sekretaer.de\/?p=426"},"modified":"2018-02-25T19:13:36","modified_gmt":"2018-02-25T18:13:36","slug":"caran-d-ache-peter-marino-fuellhalter-limited-edition-2017","status":"publish","type":"post","link":"https:\/\/www.sekretaer.de\/en\/allgemein\/caran-d-ache-peter-marino-fuellhalter-limited-edition-2017\/","title":{"rendered":"Caran d&#8217;Ache &#8211; Peter Marino &#8211; Limited Edition 2017"},"content":{"rendered":"<p><img loading=\"lazy\" decoding=\"async\" class=\"alignleft size-full wp-image-424\" src=\"https:\/\/www.sekretaer.de\/wp-content\/uploads\/2018\/02\/CdA_Peter_Marino_Edition_Cover.jpg\" alt=\"Caran d'Ache - Peter Marino - F\u00fcllhalter\" width=\"1000\" height=\"1000\" srcset=\"https:\/\/www.sekretaer.de\/wp-content\/uploads\/2018\/02\/CdA_Peter_Marino_Edition_Cover.jpg 1000w, https:\/\/www.sekretaer.de\/wp-content\/uploads\/2018\/02\/CdA_Peter_Marino_Edition_Cover-150x150.jpg 150w, https:\/\/www.sekretaer.de\/wp-content\/uploads\/2018\/02\/CdA_Peter_Marino_Edition_Cover-300x300.jpg 300w, https:\/\/www.sekretaer.de\/wp-content\/uploads\/2018\/02\/CdA_Peter_Marino_Edition_Cover-768x768.jpg 768w, https:\/\/www.sekretaer.de\/wp-content\/uploads\/2018\/02\/CdA_Peter_Marino_Edition_Cover-100x100.jpg 100w\" sizes=\"auto, (max-width: 767px) 89vw, (max-width: 1000px) 54vw, (max-width: 1071px) 543px, 580px\" \/><\/p>\n<p>&nbsp;<\/p>\n<p><a href=\"https:\/\/www.sekretaer.de\/schreibgeraetehersteller\/carandache\/\">Caran d&#8217;Ache<\/a> pr\u00e4sentiert seinen limitierten <a href=\"https:\/\/www.sekretaer.de\/schreibtechniken\/fuellfederhalter\/\">F\u00fcllhalter<\/a> &#8220;Peter Marino&#8221;.<\/p>\n<p>Kreatives Talent, Kunstm\u00e4zen, Baumeister, \u00c4sthet, \u2026 keine hundert unterschiedlichen Begriffe k\u00f6nnten hinreichend Peter Marino beschreiben, der sich selbst als Architekt und K\u00fcnstler bezeichnet.\u00a0 Den majest\u00e4tischen Raum den er erschafft, durchtr\u00e4nkt mit seiner Liebe zum Licht, edlen Materialien und rhythmischen Linien.<\/p>\n<p>Dieser international weltber\u00fchmte amerikanische Designer komponiert seine architektonischen Kreationen als inseparables Ganzes. Jedes Element findet seinen Platz durch einen frechen Schubser an die richtige Stelle. Er zeichnet Inspirationen von der ihn umgebenden Welt, subtil und ausgelassen in seiner freien unkonventionellen Art.<\/p>\n<p><img loading=\"lazy\" decoding=\"async\" class=\"alignleft size-full wp-image-425\" src=\"https:\/\/www.sekretaer.de\/wp-content\/uploads\/2018\/02\/CdA_Peter_Marino_Edition_Fueller_und_Box.jpg\" alt=\"Caran d'Ache - Peter Marino - F\u00fcller und Box\" width=\"900\" height=\"500\" srcset=\"https:\/\/www.sekretaer.de\/wp-content\/uploads\/2018\/02\/CdA_Peter_Marino_Edition_Fueller_und_Box.jpg 900w, https:\/\/www.sekretaer.de\/wp-content\/uploads\/2018\/02\/CdA_Peter_Marino_Edition_Fueller_und_Box-300x167.jpg 300w, https:\/\/www.sekretaer.de\/wp-content\/uploads\/2018\/02\/CdA_Peter_Marino_Edition_Fueller_und_Box-768x427.jpg 768w\" sizes=\"auto, (max-width: 767px) 89vw, (max-width: 1000px) 54vw, (max-width: 1071px) 543px, 580px\" \/><\/p>\n<p>F\u00fcr diese limitierte Edition, entwickelt bei Peter Marino, erforscht Caran d\u2019Ache die \u00e4sthetischen Geheimnisse von Architektur, Design und Mode. Einwandfreie Linien, grenzenlose Kreativit\u00e4t und zeitloser Komfort verbessern die Schreibger\u00e4te in dieser herausfordernden Kollektion.<\/p>\n<p>Die Varius-Modelle ertr\u00e4umt bei Peter Marino, die architektonische Inspiration erstellt aus Licht Grundstrukturen und dr\u00fcckt sein gesamtes Universum aus. Die essentiellen Werte der Varius-Kollektion sind trotzdem bewahrt. Originale Materialien vollf\u00fchren Recht zu einem Kunden gemachten Ansatz, und angestammte F\u00e4higkeiten sind eingeflossen zur Erstellung von High-End Schreibger\u00e4ten.<\/p>\n<p>Caran d\u2019Ache verbindet in dieser limitierten Edition drei Schreibtechniken. Sie finden in dieser Ausgabe F\u00fcller, Tintenroller und Kugelschreiber. Der Korpus ist dabei gefasst in Leder, behutsam verarbeitet, um unvergleichbaren Komfort sicherzustellen. Die Kappe beherbergt zus\u00e4tzlich die Signatur von Peter Marino.<\/p>\n<p>Noch mehr Details zum <a href=\"https:\/\/www.carandache.com\/de\/limitierte-editionen\/peter-marino\">F\u00fcllhalter von Peter Marino<\/a> finden Sie auf der Website von Caran d&#8217;Ache.<\/p>\n","protected":false},"excerpt":{"rendered":"<p>&nbsp; Caran d&#8217;Ache pr\u00e4sentiert seinen limitierten F\u00fcllhalter &#8220;Peter Marino&#8221;. Kreatives Talent, Kunstm\u00e4zen, Baumeister, \u00c4sthet, \u2026 keine hundert unterschiedlichen Begriffe k\u00f6nnten hinreichend Peter Marino beschreiben, der sich selbst als Architekt und K\u00fcnstler bezeichnet.\u00a0 Den majest\u00e4tischen Raum den er erschafft, durchtr\u00e4nkt mit seiner Liebe zum Licht, edlen Materialien und rhythmischen Linien. Dieser international weltber\u00fchmte amerikanische Designer komponiert &hellip; <\/p>\n<p class=\"link-more\"><a href=\"https:\/\/www.sekretaer.de\/en\/allgemein\/caran-d-ache-peter-marino-fuellhalter-limited-edition-2017\/\" class=\"more-link\">Continue reading<span class=\"screen-reader-text\"> &#8220;Caran d&#8217;Ache &#8211; Peter Marino &#8211; Limited Edition 2017&#8221;<\/span><\/a><\/p>\n","protected":false},"author":1,"featured_media":423,"comment_status":"closed","ping_status":"open","sticky":false,"template":"","format":"standard","meta":{"footnotes":""},"categories":[1,19,18,22],"tags":[20,15,21],"class_list":["post-426","post","type-post","status-publish","format-standard","has-post-thumbnail","hentry","category-allgemein","category-fuellhalter","category-limited-edition","category-schreibgeraete","tag-caran-dache","tag-fuellhalter","tag-limited-edition"],"_links":{"self":[{"href":"https:\/\/www.sekretaer.de\/en\/wp-json\/wp\/v2\/posts\/426","targetHints":{"allow":["GET"]}}],"collection":[{"href":"https:\/\/www.sekretaer.de\/en\/wp-json\/wp\/v2\/posts"}],"about":[{"href":"https:\/\/www.sekretaer.de\/en\/wp-json\/wp\/v2\/types\/post"}],"author":[{"embeddable":true,"href":"https:\/\/www.sekretaer.de\/en\/wp-json\/wp\/v2\/users\/1"}],"replies":[{"embeddable":true,"href":"https:\/\/www.sekretaer.de\/en\/wp-json\/wp\/v2\/comments?post=426"}],"version-history":[{"count":5,"href":"https:\/\/www.sekretaer.de\/en\/wp-json\/wp\/v2\/posts\/426\/revisions"}],"predecessor-version":[{"id":435,"href":"https:\/\/www.sekretaer.de\/en\/wp-json\/wp\/v2\/posts\/426\/revisions\/435"}],"wp:featuredmedia":[{"embeddable":true,"href":"https:\/\/www.sekretaer.de\/en\/wp-json\/wp\/v2\/media\/423"}],"wp:attachment":[{"href":"https:\/\/www.sekretaer.de\/en\/wp-json\/wp\/v2\/media?parent=426"}],"wp:term":[{"taxonomy":"category","embeddable":true,"href":"https:\/\/www.sekretaer.de\/en\/wp-json\/wp\/v2\/categories?post=426"},{"taxonomy":"post_tag","embeddable":true,"href":"https:\/\/www.sekretaer.de\/en\/wp-json\/wp\/v2\/tags?post=426"}],"curies":[{"name":"wp","href":"https:\/\/api.w.org\/{rel}","templated":true}]}}