{"id":494,"date":"2018-11-25T14:24:41","date_gmt":"2018-11-25T13:24:41","guid":{"rendered":"https:\/\/www.sekretaer.de\/?p=494"},"modified":"2018-11-25T14:30:52","modified_gmt":"2018-11-25T13:30:52","slug":"carandache-lalique-edition-black-crystal","status":"publish","type":"post","link":"https:\/\/www.sekretaer.de\/en\/limited-edition\/carandache-lalique-edition-black-crystal\/","title":{"rendered":"Caran&#8217;d&#8217;Ache &#8211; Lalique &#8211; Edition BLACK CRYSTAL"},"content":{"rendered":"<figure id=\"attachment_466\" style=\"width: 1000px\"  class=\"wp-caption alignleft\"><img loading=\"lazy\" decoding=\"async\" class=\"size-full wp-image-466\" src=\"https:\/\/www.sekretaer.de\/wp-content\/uploads\/2018\/11\/Caran_d_Ache_Lalique.jpg\" alt=\"Caran'd'Ache - Edition Lalique\" width=\"1000\" height=\"750\" srcset=\"https:\/\/www.sekretaer.de\/wp-content\/uploads\/2018\/11\/Caran_d_Ache_Lalique.jpg 1000w, https:\/\/www.sekretaer.de\/wp-content\/uploads\/2018\/11\/Caran_d_Ache_Lalique-300x225.jpg 300w, https:\/\/www.sekretaer.de\/wp-content\/uploads\/2018\/11\/Caran_d_Ache_Lalique-768x576.jpg 768w\" sizes=\"auto, (max-width: 767px) 89vw, (max-width: 1000px) 54vw, (max-width: 1071px) 543px, 580px\" \/><figcaption class=\"wp-caption-text\">Caran&#8217;d&#8217;Ache &#8211; Edition Lalique Black CRYSTAL<\/figcaption><\/figure>\n<p>Der K\u00f6rper ist aus schwarzer Keramik und mit dem Coutard-Motiv verziert. Die Tropfen werden reliefartig auf den Stift aufgetragen, als ob er seine Linien punktieren w\u00fcrde. Ein Cabochon aus Lalique Kristall befindet sich auf den Schreibger\u00e4ten und bildet einen markanten Kontrast zwischen den satinierten und polierten Oberfl\u00e4chen.<br \/>\nBlack Crystal: Eine limitierte Auflage von 999 F\u00fcllhaltern und 999 Rollhaltern.<\/p>\n","protected":false},"excerpt":{"rendered":"<p>Der K\u00f6rper ist aus schwarzer Keramik und mit dem Coutard-Motiv verziert. Die Tropfen werden reliefartig auf den Stift aufgetragen, als ob er seine Linien punktieren w\u00fcrde. Ein Cabochon aus Lalique Kristall befindet sich auf den Schreibger\u00e4ten und bildet einen markanten Kontrast zwischen den satinierten und polierten Oberfl\u00e4chen. Black Crystal: Eine limitierte Auflage von 999 F\u00fcllhaltern &hellip; <\/p>\n<p class=\"link-more\"><a href=\"https:\/\/www.sekretaer.de\/en\/limited-edition\/carandache-lalique-edition-black-crystal\/\" class=\"more-link\">Continue reading<span class=\"screen-reader-text\"> &#8220;Caran&#8217;d&#8217;Ache &#8211; Lalique &#8211; Edition BLACK CRYSTAL&#8221;<\/span><\/a><\/p>\n","protected":false},"author":1,"featured_media":0,"comment_status":"closed","ping_status":"open","sticky":false,"template":"","format":"standard","meta":{"footnotes":""},"categories":[19,18,22],"tags":[34,15,21],"class_list":["post-494","post","type-post","status-publish","format-standard","hentry","category-fuellhalter","category-limited-edition","category-schreibgeraete","tag-crandache","tag-fuellhalter","tag-limited-edition"],"_links":{"self":[{"href":"https:\/\/www.sekretaer.de\/en\/wp-json\/wp\/v2\/posts\/494","targetHints":{"allow":["GET"]}}],"collection":[{"href":"https:\/\/www.sekretaer.de\/en\/wp-json\/wp\/v2\/posts"}],"about":[{"href":"https:\/\/www.sekretaer.de\/en\/wp-json\/wp\/v2\/types\/post"}],"author":[{"embeddable":true,"href":"https:\/\/www.sekretaer.de\/en\/wp-json\/wp\/v2\/users\/1"}],"replies":[{"embeddable":true,"href":"https:\/\/www.sekretaer.de\/en\/wp-json\/wp\/v2\/comments?post=494"}],"version-history":[{"count":1,"href":"https:\/\/www.sekretaer.de\/en\/wp-json\/wp\/v2\/posts\/494\/revisions"}],"predecessor-version":[{"id":495,"href":"https:\/\/www.sekretaer.de\/en\/wp-json\/wp\/v2\/posts\/494\/revisions\/495"}],"wp:attachment":[{"href":"https:\/\/www.sekretaer.de\/en\/wp-json\/wp\/v2\/media?parent=494"}],"wp:term":[{"taxonomy":"category","embeddable":true,"href":"https:\/\/www.sekretaer.de\/en\/wp-json\/wp\/v2\/categories?post=494"},{"taxonomy":"post_tag","embeddable":true,"href":"https:\/\/www.sekretaer.de\/en\/wp-json\/wp\/v2\/tags?post=494"}],"curies":[{"name":"wp","href":"https:\/\/api.w.org\/{rel}","templated":true}]}}